{"id":123,"date":"2016-02-23T20:54:00","date_gmt":"2016-02-23T18:54:00","guid":{"rendered":"http:\/\/radoscbyciarodzicem.pl\/?p=123"},"modified":"2016-02-23T20:54:00","modified_gmt":"2016-02-23T18:54:00","slug":"dlaczego-pisze","status":"publish","type":"post","link":"https:\/\/radoscbyciarodzicem.pl\/index.php\/2016\/02\/23\/dlaczego-pisze\/","title":{"rendered":"Dlaczego pisz\u0119?"},"content":{"rendered":"<p>Kto\u015b m\u00f3g\u0142by mi zada\u0107 pytanie dlaczego w najtrudniejszym okresie mojego \u017cycia pisz\u0119 na blogu? Odpowied\u017a jest prosta. Po pierwsze przelewanie my\u015bli w form\u0119 pisemn\u0105 pomaga mi je uporz\u0105dkowa\u0107, upora\u0107 si\u0119 i skonfrontowa\u0107 z nimi. Po drugie je\u015bli to co pisz\u0119 pomo\u017ce cho\u0107 jednemu rodzicowi b\u0119dzie to dla mnie wielka satysfakcja.<br \/>\nCi z Was, kt\u00f3rzy znaj\u0105 mnie osobi\u015bcie wiedz\u0105, \u017ce zawsze jestem autentyczna i szczera w tym co robi\u0119. Do konkursu zg\u0142osi\u0142am si\u0119 r\u00f3wnie\u017c dlatego, aby wi\u0119cej os\u00f3b mog\u0142o dowiedzie\u0107 si\u0119 o wcze\u015bniakach i ich rodzicach i mogli nasze \u017cycie skonfrontowa\u0107 ze swoimi problemami. Wszystko co pisze jest oparte o moje odczucia, dotychczasowe do\u015bwiadczenie i wiedz\u0119.<\/p>\n","protected":false},"excerpt":{"rendered":"<p>Kto\u015b m\u00f3g\u0142by mi zada\u0107 pytanie dlaczego w najtrudniejszym okresie mojego \u017cycia pisz\u0119 na blogu? Odpowied\u017a jest prosta. Po pierwsze przelewanie my\u015bli w form\u0119 pisemn\u0105 pomaga mi je uporz\u0105dkowa\u0107, upora\u0107 si\u0119 i skonfrontowa\u0107 z nimi. Po drugie je\u015bli to co pisz\u0119 pomo\u017ce cho\u0107 jednemu rodzicowi b\u0119dzie to dla mnie wielka satysfakcja. Ci z Was, kt\u00f3rzy znaj\u0105 [&hellip;]<\/p>\n","protected":false},"author":1,"featured_media":378,"comment_status":"open","ping_status":"open","sticky":false,"template":"","format":"standard","meta":{"footnotes":""},"categories":[26],"tags":[],"class_list":["post-123","post","type-post","status-publish","format-standard","has-post-thumbnail","hentry","category-mania-i-ja"],"_links":{"self":[{"href":"https:\/\/radoscbyciarodzicem.pl\/index.php\/wp-json\/wp\/v2\/posts\/123","targetHints":{"allow":["GET"]}}],"collection":[{"href":"https:\/\/radoscbyciarodzicem.pl\/index.php\/wp-json\/wp\/v2\/posts"}],"about":[{"href":"https:\/\/radoscbyciarodzicem.pl\/index.php\/wp-json\/wp\/v2\/types\/post"}],"author":[{"embeddable":true,"href":"https:\/\/radoscbyciarodzicem.pl\/index.php\/wp-json\/wp\/v2\/users\/1"}],"replies":[{"embeddable":true,"href":"https:\/\/radoscbyciarodzicem.pl\/index.php\/wp-json\/wp\/v2\/comments?post=123"}],"version-history":[{"count":0,"href":"https:\/\/radoscbyciarodzicem.pl\/index.php\/wp-json\/wp\/v2\/posts\/123\/revisions"}],"wp:featuredmedia":[{"embeddable":true,"href":"https:\/\/radoscbyciarodzicem.pl\/index.php\/wp-json\/"}],"wp:attachment":[{"href":"https:\/\/radoscbyciarodzicem.pl\/index.php\/wp-json\/wp\/v2\/media?parent=123"}],"wp:term":[{"taxonomy":"category","embeddable":true,"href":"https:\/\/radoscbyciarodzicem.pl\/index.php\/wp-json\/wp\/v2\/categories?post=123"},{"taxonomy":"post_tag","embeddable":true,"href":"https:\/\/radoscbyciarodzicem.pl\/index.php\/wp-json\/wp\/v2\/tags?post=123"}],"curies":[{"name":"wp","href":"https:\/\/api.w.org\/{rel}","templated":true}]}}