{"id":1376,"date":"2019-11-06T17:22:08","date_gmt":"2019-11-06T15:22:08","guid":{"rendered":"http:\/\/radoscbyciarodzicem.pl\/?p=1376"},"modified":"2019-11-06T17:22:08","modified_gmt":"2019-11-06T15:22:08","slug":"czasamitrzeba","status":"publish","type":"post","link":"https:\/\/radoscbyciarodzicem.pl\/index.php\/2019\/11\/06\/czasamitrzeba\/","title":{"rendered":"Czasami trzeba powiedzie\u0107 co\u015b na g\u0142os&#8230; aby pom\u00f3c sobie"},"content":{"rendered":"<p align=\"JUSTIFY\"><span style=\"color: #1c1e21;\"><span style=\"font-family: inherit;\"><span style=\"font-size: small;\">Publikujemy na pro\u015bb\u0119 jednej z mam&#8230; bycie mam\u0105 dziecka, kt\u00f3re przedwcze\u015bnie si\u0119 rodzi ma r\u00f3\u017cne wymiary. Niestety czasami rodzi si\u0119 o wiele za wcze\u015bnie, a czasem&#8230; Przeczytajcie sami, a dzielnej mamie dzi\u0119kujemy za to, \u017ce podzieli\u0142a si\u0119 swoj\u0105 histori\u0105. To te\u017c forma terapii&#8230;<\/span><\/span><\/span><\/p>\n<p align=\"JUSTIFY\"><span style=\"color: #1c1e21;\"><span style=\"font-family: inherit;\"><span style=\"font-size: small;\">&#8222;Chcia\u0142abym zacz\u0105\u0107 pisa\u0107 o tym co nas spotka\u0142o, co prze\u017cyli\u015bmy ale nie wiem jak zacz\u0105\u0107. <\/span><\/span><\/span><\/p>\n<p align=\"JUSTIFY\"><span style=\"color: #1c1e21;\"><span style=\"font-family: inherit;\"><span style=\"font-size: small;\">Nie wiem do kogo to trafi, nie wiem kto i jak na to zareaguje. A nie ka\u017cdy umie zrozumie\u0107 rodzica, osob\u0119 w takiej sytuacji. Nie jest to proste dla nikogo ani dla os\u00f3b, kt\u00f3re to prze\u017cy\u0142y ani dla tych u kt\u00f3rych my rodzice po stracie szukamy pomocy. <\/span><\/span><\/span><\/p>\n<p align=\"JUSTIFY\"><span style=\"color: #1c1e21;\"><span style=\"font-family: inherit;\"><span style=\"font-size: small;\">Jednak chce spr\u00f3bowa\u0107. Chce spr\u00f3bowa\u0107 m\u00f3wi\u0107 o tym otwarcie. <\/span><\/span><\/span><\/p>\n<p align=\"JUSTIFY\"><span style=\"color: #1c1e21;\"><span style=\"font-family: inherit;\"><span style=\"font-size: small;\">Tak jak osoba, kt\u00f3ra prze\u017cy\u0142a to samo co my a nawet du\u017co wi\u0119cej i bardzo nam pomog\u0142a mimo ,\u017ce nasze spotkanie trwa\u0142o mo\u017ce 20 minut. <\/span><\/span><\/span><\/p>\n<p align=\"JUSTIFY\"><span style=\"color: #1c1e21;\"><span style=\"font-family: inherit;\"><span style=\"font-size: small;\">Mam na imi\u0119 Aneta mam aktualnie 28 lat. Poroni\u0142am 4 razy. Zawsze wiedzia\u0142am, \u017ce chce mie\u0107 m\u0119\u017ca, rodzin\u0119 i dzieci. Los sprawi\u0142, \u017ce mamy cudown\u0105, zdrow\u0105 c\u00f3reczk\u0119 ma ju\u017c 3 latka. Jednak za nim nam si\u0119 uda\u0142o poroni\u0142am 2 razy. Pierwszy raz w oko\u0142o 9 tygodniu ci\u0105\u017cy. Przyczyna nie znana. W pierwszych tygodniach by\u0142o wszystko w porz\u0105dku jednak pod koniec 7 tygodnia zacz\u0119\u0142am plami\u0107, p\u00f3\u017aniej krwawi\u0107 trafi\u0142am do szpitala, dosta\u0142am leki na podtrzymanie ci\u0105\u017cy. Po oko\u0142o tygodniu wr\u00f3ci\u0142am do domu i za chwil\u0119 to si\u0119 powt\u00f3rzy\u0142o. Plemienia i krwawienie. Niestety ju\u017c nie uda\u0142o si\u0119 uratowa\u0107 Naszego dzieci\u0105tka. P\u00f3\u0142 nocy w szpitalu m\u0119czy\u0142am si\u0119 ze strasznym b\u00f3lem, fizycznym i psychicznym ,kt\u00f3ry zabiera\u0142 nasze dziecko a ja nic nie mog\u0142am zrobi\u0107&#8230;<\/span><\/span><\/span><\/p>\n<p align=\"JUSTIFY\"><span style=\"color: #1c1e21;\"><span style=\"font-family: inherit;\"><span style=\"font-size: small;\">Nie mog\u0142am tego zatrzyma\u0107 cho\u0107 bardzo chcia\u0142am. Strata bola\u0142a bardzo&#8230;<\/span><\/span><\/span><\/p>\n<p align=\"JUSTIFY\"><span style=\"color: #1c1e21;\"><span style=\"font-family: inherit;\"><span style=\"font-size: small;\">Sporo si\u0119 starali\u015bmy zanim nam si\u0119 uda\u0142o, dla nas to by\u0142o sporo ,cho\u0107 to poj\u0119cie wzgl\u0119dne. Byli\u015bmy szcz\u0119\u015bliwi ale los nie pozwoli\u0142 nam zatrzyma\u0107 Naszego Maluszka. <\/span><\/span><\/span><\/p>\n<p align=\"JUSTIFY\"><span style=\"color: #1c1e21;\"><span style=\"font-family: inherit;\"><span style=\"font-size: small;\">Powinni\u015bmy odczeka\u0107 p\u00f3\u0142 roku za nim zacz\u0119li\u015bmy stara\u0107 si\u0119 ponownie o dziecko. Jednak dla mnie to by\u0142o za d\u0142ugo. Chcia\u0142am ju\u017c ,natychmiast kiedy tylko wr\u00f3ci\u0142am do formy znowu zacz\u0105\u0107 si\u0119 stara\u0107 o dziecko. Jakby to mia\u0142o uleczy\u0107 moje-nasze serce. Trzy miesi\u0105ce p\u00f3\u017aniej znowu by\u0142am w ci\u0105\u017cy -pozytywny test. Jednak kilka dni po spodziewanym okresie zacz\u0119\u0142am krwawic. Lekarz nic nie m\u00f3g\u0142 ju\u017c na to poradzi\u0107. Stracili\u015bmy drugie dziecko.<\/span><\/span><\/span><\/p>\n<p align=\"JUSTIFY\"><span style=\"color: #1c1e21;\"><span style=\"font-family: inherit;\"><span style=\"font-size: small;\">Po raz kolejny b\u00f3l, dlaczego my, dlaczego nas to spotyka do dzi\u015b tego nie rozumiemy.<\/span><\/span><\/span><\/p>\n<p align=\"JUSTIFY\"><span style=\"color: #1c1e21;\"><span style=\"font-family: inherit;\"><span style=\"font-size: small;\">Przyszed\u0142 czas i uda\u0142o nam si\u0119, 5 lub 6 miesi\u0119cy od pierwszej straty zasz\u0142am w ci\u0105\u017c\u0119, kt\u00f3r\u0105 donosi\u0142am i szcz\u0119\u015bliwie si\u0142ami natury urodzi\u0142am. Mamy Cudown\u0105 C\u00f3rk\u0119. Kochamy j\u0105 nad \u017cycie , nasza wyczekana C\u00f3reczka. Sens \u017cycia. <\/span><\/span><\/span><\/p>\n<p align=\"JUSTIFY\"><span style=\"color: #1c1e21;\"><span style=\"font-family: inherit;\"><span style=\"font-size: small;\">Jednak chcieli\u015bmy mie\u0107 dwoje dzieci. Zanim zasz\u0142am w ci\u0105\u017c\u0119 trwa\u0142o to ponad 2 lata od Mai. Niestety tym razem znowu ,tydzie\u0144 po spodziewanej miesi\u0105czce zacz\u0119\u0142am plami\u0107 p\u00f3\u017aniej krwawi\u0107. Stracili\u015bmy trzecie dziecko. Serce krwawi\u0142o ale nie poddali\u015bmy si\u0119. Bardzo pragn\u0119li\u015bmy drugiego dziecka. <\/span><\/span><\/span><\/p>\n<p align=\"JUSTIFY\"><span style=\"color: #1c1e21;\"><span style=\"font-family: inherit;\"><span style=\"font-size: small;\">W ko\u0144cu uda\u0142o si\u0119 w czerwcu tego roku 2019. Do 9 tygodnia ci\u0105\u017cy pracowa\u0142am. Jednak zdecydowa\u0142am si\u0119 na zwolnienie lekarskie. Ze strachu, \u017ce co\u015b mo\u017ce si\u0119 sta\u0107 naszemu dziecku. Nie czu\u0142am si\u0119 z tym dobrze bo kobiety bior\u0105ce szybko zwolnienie lekarskie s\u0105 zazwyczaj \u017ale postrzegane. Mia\u0142am wyrzuty sumienia,ale wiedzia\u0142am, \u017ce to jest dla dobra Naszego Dziecka. <\/span><\/span><\/span><\/p>\n<p align=\"JUSTIFY\"><span style=\"color: #1c1e21;\"><span style=\"font-family: inherit;\"><span style=\"font-size: small;\">Jednak to nie wystarczy\u0142o&#8230;<\/span><\/span><\/span><\/p>\n<p align=\"JUSTIFY\"><span style=\"color: #1c1e21;\"><span style=\"font-family: inherit;\"><span style=\"font-size: small;\">Wszystko by\u0142o dobrze, z wizyty na wizyt\u0119 dziecko ros\u0142o tak jak powinno ,serduszko bi\u0142o. Prenatalne by\u0142y dobre. Dwa tygodnie po, na wizycie u prowadz\u0105cego lekarza wszystko dobrze. Trzy tygodnie p\u00f3\u017aniej a 5 tygodni po prenatalnych na wizycie u lekarza prowadz\u0105cego rozp\u0119ta\u0142 si\u0119 nasz dramat, tragedia i koszmar&#8230;<\/span><\/span><\/span><\/p>\n<p align=\"JUSTIFY\"><span style=\"color: #1c1e21;\"><span style=\"font-family: inherit;\"><span style=\"font-size: small;\">By\u0142am prawie w 19 tygodniu ci\u0105\u017cy.<\/span><\/span><\/span><\/p>\n<p align=\"JUSTIFY\"><span style=\"color: #1c1e21;\"><span style=\"font-family: inherit;\"><span style=\"font-size: small;\">Wizyta kontrolna u prowadz\u0105cego lekarza.<\/span><\/span><\/span><\/p>\n<p align=\"JUSTIFY\"><span style=\"color: #1c1e21;\"><span style=\"font-family: inherit;\"><span style=\"font-size: small;\">Pobranie krwi, ci\u015bnienie i w\u0142a\u015bciwie nic poza tym. Standardowe pytania, przed\u0142u\u017cenie zwolnienia lekarskiego. Doktor nie planowa\u0142 robi\u0107 usg ale poprosi\u0142am, bo jestem przewra\u017cliwiona. Nie ma co si\u0119 dziwi\u0107&#8230;. <\/span><\/span><\/span><\/p>\n<p align=\"JUSTIFY\"><span style=\"color: #1c1e21;\"><span style=\"font-family: inherit;\"><span style=\"font-size: small;\">Do tego dnia zawsze robi\u0142 usg cho\u0107 na chwil\u0119 \u017ceby sprawdzi\u0107 czy wszystko jest ok. Tego dnia mia\u0142 zamiar nie robi\u0107. Dzi\u0119ki Bogu zrobi\u0142 po mojej pro\u015bbie. (Kolejne usg dopiero 15 listopada mia\u0142am mie\u0107 po\u0142\u00f3wkowe ,\u017cy\u0142abym ponad 6 tygodni z martwym dziecku w brzuchu&#8230; je\u015bli wcze\u015bniej by co\u015b si\u0119 nie wydarzy\u0142o co mog\u0142o zagra\u017ca\u0107 mojemu \u017cyciu&#8230;)<\/span><\/span><\/span><\/p>\n<p align=\"JUSTIFY\"><span style=\"color: #1c1e21;\"><span style=\"font-family: inherit;\"><span style=\"font-size: small;\">Okaza\u0142o si\u0119, \u017ce nasze dziecko jest zbyt ma\u0142e na ten etap ci\u0105\u017cy. Wymiary pokazywa\u0142y oko\u0142o 16 tydzie\u0144 ci\u0105\u017cy a by\u0142 ju\u017c prawie 19. Zapyta\u0142am lekarza czy z sercem wszystko dobrze ,powiedzia\u0142 \u017ce tak ale poleci\u0142 \u017ceby\u015bmy zrobili usg w Bia\u0142ymstoku na lepszym sprz\u0119cie, \u017ceby to wyja\u015bni\u0107. <\/span><\/span><\/span><\/p>\n<p align=\"JUSTIFY\"><span style=\"color: #1c1e21;\"><span style=\"font-family: inherit;\"><span style=\"font-size: small;\">Tego samego dnia pojechali\u015bmy do Bia\u0142egostoku zrobi\u0107 prywatnie dok\u0142adne usg. <\/span><\/span><\/span><\/p>\n<p align=\"JUSTIFY\"><span style=\"color: #1c1e21;\"><span style=\"font-family: inherit;\"><span style=\"font-size: small;\">Lekarz w prywatnym gabinecie tylko przy\u0142o\u017cy\u0142 g\u0142owic\u0119 usg i od razu po jego minie i reakcji widzia\u0142am, \u017ce jest \u017ale, \u017ce jest bardzo \u017ale&#8230; po chwili lekarz powiedzia\u0142,\u017ce dziecko nie \u017cyje&#8230; I to d\u0142u\u017cszy czas&#8230; <\/span><\/span><\/span><\/p>\n<p align=\"JUSTIFY\"><span style=\"color: #1c1e21;\"><span style=\"font-family: inherit;\"><span style=\"font-size: small;\">\u015awiat Nam si\u0119 zawali\u0142&#8230; po raz kolejny, tylko teraz parokro\u0107 bardziej, mocniej, niewyobra\u017calnie mocno&#8230;<\/span><\/span><\/span><\/p>\n<p align=\"JUSTIFY\"><span style=\"color: #1c1e21;\"><span style=\"font-family: inherit;\"><span style=\"font-size: small;\">To ju\u017c 4 razy ,ale pierwszy w po\u0142owie ci\u0105\u017cy prawie&#8230; <\/span><\/span><\/span><\/p>\n<p align=\"JUSTIFY\"><span style=\"color: #1c1e21;\"><span style=\"font-family: inherit;\"><span style=\"font-size: small;\">Przecie\u017c to ju\u017c 2 trymestr&#8230;<\/span><\/span><\/span><\/p>\n<p align=\"JUSTIFY\"><span style=\"color: #1c1e21;\"><span style=\"font-family: inherit;\"><span style=\"font-size: small;\">Przecie\u017c to ju\u017c ten bezpieczny okres&#8230;<\/span><\/span><\/span><\/p>\n<p align=\"JUSTIFY\"><span style=\"color: #1c1e21;\"><span style=\"font-family: inherit;\"><span style=\"font-size: small;\">Przecie\u017c by\u0142o wszystko dobrze&#8230;<\/span><\/span><\/span><\/p>\n<p align=\"JUSTIFY\"><span style=\"color: #1c1e21;\"><span style=\"font-family: inherit;\"><span style=\"font-size: small;\">Przecie\u017c&#8230;. <\/span><\/span><\/span><\/p>\n<p align=\"JUSTIFY\"><span style=\"color: #1c1e21;\"><span style=\"font-family: inherit;\"><span style=\"font-size: small;\">Gdyby&#8230;<\/span><\/span><\/span><\/p>\n<p align=\"JUSTIFY\"><span style=\"color: #1c1e21;\"><span style=\"font-family: inherit;\"><span style=\"font-size: small;\">Dlaczego&#8230;<\/span><\/span><\/span><\/p>\n<p align=\"JUSTIFY\"><span style=\"color: #1c1e21;\"><span style=\"font-family: inherit;\"><span style=\"font-size: small;\">Jak lekarz prowadz\u0105cy m\u00f3g\u0142 nie widzie\u0107,\u017ce dziecko nie \u017cyje&#8230; rozumiem s\u0142abszy sprz\u0119t ale jak m\u00f3g\u0142 nie widzie\u0107 czego\u015b takiego&#8230;<\/span><\/span><\/span><\/p>\n<p align=\"JUSTIFY\"><span style=\"color: #1c1e21;\"><span style=\"font-family: inherit;\"><span style=\"font-size: small;\">Ludzie m\u00f3wi\u0105: b\u0119dzie dobrze, jeste\u015bcie m\u0142odzi, macie czas&#8230;<\/span><\/span><\/span><\/p>\n<p align=\"JUSTIFY\"><span style=\"color: #1c1e21;\"><span style=\"font-family: inherit;\"><span style=\"font-size: small;\">Nie to nie prawda &#8230;<\/span><\/span><\/span><\/p>\n<p align=\"JUSTIFY\"><span style=\"color: #1c1e21;\"><span style=\"font-family: inherit;\"><span style=\"font-size: small;\">Oczywi\u015bcie ca\u0142y czas chce mie\u0107 drugie dziecko &#8230;<\/span><\/span><\/span><\/p>\n<p align=\"JUSTIFY\"><span style=\"color: #1c1e21;\"><span style=\"font-family: inherit;\"><span style=\"font-size: small;\">Ale ju\u017c nie za wszelk\u0105 cen\u0119&#8230;<\/span><\/span><\/span><\/p>\n<p align=\"JUSTIFY\"><span style=\"color: #1c1e21;\"><span style=\"font-family: inherit;\"><span style=\"font-size: small;\">Nie wiem czy \u015bwiadomie b\u0119dziemy o nie si\u0119 stara\u0107&#8230;<\/span><\/span><\/span><\/p>\n<p align=\"JUSTIFY\"><span style=\"color: #1c1e21;\"><span style=\"font-family: inherit;\"><span style=\"font-size: small;\">Nie chce, boj\u0119 si\u0119 nara\u017ca\u0107 rodzin\u0119, M\u0119\u017ca C\u00f3rk\u0119&#8230;.sam\u0105 siebie na kolejne cierpienie..<\/span><\/span><\/span><\/p>\n<p align=\"JUSTIFY\"><span style=\"color: #1c1e21;\"><span style=\"font-family: inherit;\"><span style=\"font-size: small;\">Niepewno\u015b\u0107, ryzyko&#8230;<\/span><\/span><\/span><\/p>\n<p align=\"JUSTIFY\"><span style=\"color: #1c1e21;\"><span style=\"font-family: inherit;\"><span style=\"font-size: small;\">Nikt nie da nam gwarancji ,\u017ce b\u0119dzie dobrze <\/span><\/span><\/span><\/p>\n<p align=\"JUSTIFY\"><span style=\"color: #1c1e21;\"><span style=\"font-family: inherit;\"><span style=\"font-size: small;\">Nie jestem maszyn\u0105 , mam swoje ograniczenia , psychiczne i fizyczne&#8230; m\u00f3j organizm tego mo\u017ce nie wytrzyma\u0107&#8230; <\/span><\/span><\/span><\/p>\n<p align=\"JUSTIFY\"><span style=\"color: #1c1e21;\"><span style=\"font-family: inherit;\"><span style=\"font-size: small;\">Cho\u0107 bardzo bym chcia\u0142a mie\u0107 drugie dziecko&#8230; ale si\u0119 boj\u0119, bardzo si\u0119 boj\u0119&#8230; <\/span><\/span><\/span><\/p>\n<p align=\"JUSTIFY\"><span style=\"color: #1c1e21;\"><span style=\"font-family: inherit;\"><span style=\"font-size: small;\">Mama,Tata Mai i \u015awi\u0119tej Pami\u0119ci Irusia.&#8221;<\/span><\/span><\/span><\/p>\n","protected":false},"excerpt":{"rendered":"<p>Publikujemy na pro\u015bb\u0119 jednej z mam&#8230; bycie mam\u0105 dziecka, kt\u00f3re przedwcze\u015bnie si\u0119 rodzi ma r\u00f3\u017cne wymiary. Niestety czasami rodzi si\u0119 o wiele za wcze\u015bnie, a czasem&#8230; Przeczytajcie sami, a dzielnej mamie dzi\u0119kujemy za to, \u017ce podzieli\u0142a si\u0119 swoj\u0105 histori\u0105. To te\u017c forma terapii&#8230; &#8222;Chcia\u0142abym zacz\u0105\u0107 pisa\u0107 o tym co nas spotka\u0142o, co prze\u017cyli\u015bmy ale nie [&hellip;]<\/p>\n","protected":false},"author":1,"featured_media":1377,"comment_status":"open","ping_status":"open","sticky":false,"template":"","format":"standard","meta":{"footnotes":""},"categories":[27],"tags":[122,31,266,44,268],"class_list":["post-1376","post","type-post","status-publish","format-standard","has-post-thumbnail","hentry","category-goscinnie","tag-emocje","tag-mama","tag-strata","tag-wczesniak","tag-zaloba"],"_links":{"self":[{"href":"https:\/\/radoscbyciarodzicem.pl\/index.php\/wp-json\/wp\/v2\/posts\/1376","targetHints":{"allow":["GET"]}}],"collection":[{"href":"https:\/\/radoscbyciarodzicem.pl\/index.php\/wp-json\/wp\/v2\/posts"}],"about":[{"href":"https:\/\/radoscbyciarodzicem.pl\/index.php\/wp-json\/wp\/v2\/types\/post"}],"author":[{"embeddable":true,"href":"https:\/\/radoscbyciarodzicem.pl\/index.php\/wp-json\/wp\/v2\/users\/1"}],"replies":[{"embeddable":true,"href":"https:\/\/radoscbyciarodzicem.pl\/index.php\/wp-json\/wp\/v2\/comments?post=1376"}],"version-history":[{"count":0,"href":"https:\/\/radoscbyciarodzicem.pl\/index.php\/wp-json\/wp\/v2\/posts\/1376\/revisions"}],"wp:featuredmedia":[{"embeddable":true,"href":"https:\/\/radoscbyciarodzicem.pl\/index.php\/wp-json\/"}],"wp:attachment":[{"href":"https:\/\/radoscbyciarodzicem.pl\/index.php\/wp-json\/wp\/v2\/media?parent=1376"}],"wp:term":[{"taxonomy":"category","embeddable":true,"href":"https:\/\/radoscbyciarodzicem.pl\/index.php\/wp-json\/wp\/v2\/categories?post=1376"},{"taxonomy":"post_tag","embeddable":true,"href":"https:\/\/radoscbyciarodzicem.pl\/index.php\/wp-json\/wp\/v2\/tags?post=1376"}],"curies":[{"name":"wp","href":"https:\/\/api.w.org\/{rel}","templated":true}]}}