{"id":1388,"date":"2021-05-13T16:01:40","date_gmt":"2021-05-13T14:01:40","guid":{"rendered":"http:\/\/radoscbyciarodzicem.pl\/?p=1388"},"modified":"2021-05-13T16:01:40","modified_gmt":"2021-05-13T14:01:40","slug":"kazdy-z-nas-jest-tak-samo-wazny","status":"publish","type":"post","link":"https:\/\/radoscbyciarodzicem.pl\/index.php\/2021\/05\/13\/kazdy-z-nas-jest-tak-samo-wazny\/","title":{"rendered":"Ka\u017cdy z nas jest tak samo wa\u017cny"},"content":{"rendered":"<p>Ka\u017cdy z nas jest tak samo wa\u017cny. Ka\u017cdy cz\u0142owiek ma prawo do zaspakajania swoich potrzeb nie krzywdz\u0105c innych. Dyskryminacja zwi\u0105zana z pe\u0142nionymi rolami spo\u0142ecznymi jest niedopuszczalna. Nie wa\u017cne czy dziecko czy doros\u0142y, ka\u017cdy jest cz\u0142owiekiem i ma swoje prawa\u2026 Ale czy na pewno?<\/p>\n<p>Ostatnio kilkakrotnie rozmawia\u0142am z rodzicami dzieci, kt\u00f3re maj\u0105 zacz\u0105\u0107 lub zacz\u0119\u0142y adaptacj\u0119 \u017c\u0142obkow\u0105 i przedszkoln\u0105, w\u0142a\u015bnie na temat r\u00f3wno\u015bci naszych praw. Okazuje si\u0119, \u017ce w wi\u0119kszo\u015bci rodzin prawa cz\u0119\u015bci os\u00f3b s\u0105 nierespektowane, co wp\u0142ywa negatywnie na rozw\u00f3j i wychowanie dzieci. I co wa\u017cne w ca\u0142ym tek\u015bcie nie b\u0119d\u0105 odnosi\u0142a si\u0119 do rodzin, w kt\u00f3rych jest przemoc, tylko do takich \u201eZwyczajnych rodzin\u201d, w kt\u00f3rych wi\u0119kszo\u015b\u0107 z nas \u017cyje. Czy wiecie czyje prawa najcz\u0119\u015bciej s\u0105 odsuwane na dalszy plan? By\u0107 mo\u017ce to Was nie zaskoczy ale najcz\u0119\u015bciej o swoich podstawowych prawach cz\u0142owieka zapominaj\u0105 mamy, ale te\u017c cz\u0119sto tatusiowie. Zapytacie si\u0119 jak to mo\u017cliwe? Zastan\u00f3wcie si\u0119 chwil\u0119 i przeczytajcie dalej.<\/p>\n<p>Kiedy rodzi si\u0119 dziecko, zw\u0142aszcza pierwsze, podporz\u0105dkowujemy mu wszystko co si\u0119 dzieje w rodzinie. I jest to oczywi\u015bcie proces naturalny i logiczny. Maluch nie potrafi si\u0119 sam o siebie zatroszczy\u0107, zje\u015b\u0107, przewin\u0105\u0107, cz\u0119sto ma problem z samoregulacj\u0105. To jest normalne. Takie jego prawo. Jednak w momencie porodu kobieta nie przestaje by\u0107 cz\u0142owiekiem i nie zbywa swoich posadowych praw do jedzenie, potrzeb fizjologicznych, poczucia bezpiecze\u0144stwa, odpoczynku. A jednak bardzo cz\u0119sto si\u0119 zdarza, \u017ce podczas opieki nad maluchem nie jest wstanie zapewni\u0107 sobie tych podstawowych praw. Co wi\u0119cej w Jej g\u0142owie jest obraz, \u017ce powinna samo sobie ze wszystkim poradzi\u0107, a pro\u015bba o pomoc jest s\u0142abo\u015bci\u0105. Dlaczego tak si\u0119 dzieje? Na ten temat mo\u017cnaby napisa\u0107 nie artyku\u0142 a ca\u0142\u0105 ksi\u0105\u017ck\u0119. Dosy\u0107 tego, \u017ce nawet kiedy tak\u0105 pomoc otrzymuje cz\u0119sto z niej nie korzysta. Jest to wyczerpuj\u0105ce dla takiej kobiety, cz\u0119sto powoduje utrat\u0119 wiary w siebie i poczucia w\u0142asnej warto\u015bci.<\/p>\n<p>Ale taka sytuacja wp\u0142ywa nie tylko na kobiet\u0119. Bo cz\u0119sto \u201epo\u015bwi\u0119canie\u201d swoich potrzeb nie ko\u0144czy si\u0119 w momencie kiedy dziecko przestaje by\u0107 noworodkiem. To si\u0119 pog\u0142\u0119bia zar\u00f3wno u mamy jak i u taty. Chcia\u0142abym te\u017c aby\u015bcie pami\u0119tali, \u017ce ca\u0142y czas m\u00f3wi\u0119 o potrzebach podstawowych typu jedzenie, potrzeby fizjologiczne, itp. Dziecko ro\u015bnie, a rodzice zapominaj\u0105c o tym, \u017ce potrzeby ka\u017cdego s\u0105 tak samo wa\u017cne, daj\u0105 mu przekaz zgo\u0142a inny. Zaczyna si\u0119 od prostych spraw, np. rodzic jest w toalecie a dziecko domaga si\u0119 aby poda\u0107 mu jak\u0105\u015b zabawk\u0119. Co jest w danym momencie wa\u017cniejsze? Oczywi\u015bcie, \u017ceby rodzic zaspokoi\u0142 swoj\u0105 potrzeb\u0119 fizjologiczn\u0105. Je\u015bli dziecku nie dzieje si\u0119 nic z\u0142ego naprawd\u0119 mo\u017ce poczeka\u0107. Podobnie si\u0119 ma sytuacja z jedzeniem rodzica \u2013 je\u015bli dziecko ma zaspokojone podstawowe potrzeby, jest bezpieczne ro rodzic wr\u0119cz ma obowi\u0105zek powiedzenia \u201ePoczekaj, zjem i si\u0119 tym zajm\u0119\u201d. Jest to bardzo wa\u017cne aby dziecko nauczy\u0142o si\u0119 czeka\u0107, ale te\u017c wiedzia\u0142o, \u017ce ka\u017cdy cz\u0142onek rodziny jest tak samo wa\u017cny. Moja c\u00f3rka przechodzi\u0142a etap, w kt\u00f3rym zawsze chcia\u0142a by\u0107 pierwsza. Zdarza\u0142o si\u0119, \u017ce wracali\u015bmy do domu, ma\u017c ni\u00f3s\u0142 ci\u0119\u017ckie torby a ja pomaga\u0142am Jej wej\u015b\u0107 po schodach. Poniewa\u017c nam wej\u015bcie zajmowa\u0142o sporo czasu przepuszcza\u0142am m\u0119\u017ca aby m\u00f3g\u0142 z ci\u0119\u017carem wej\u015b\u0107 pierwszy. C\u00f3rka zaczyna\u0142a ju\u017c na dole krzycze\u0107, \u017ceby tata nie wychodzi\u0142 przez drzwi bo Ona chce by\u0107 pierwsza. Szanuj\u0119 ch\u0119ci i wewn\u0119trze motywy mego dziecka, ale w tym przypadku wa\u017cniejszy by\u0142 kr\u0119gos\u0142up m\u0119\u017ca. Tak te\u017c t\u0142umaczy\u0142am c\u00f3rce, \u017ce tata nie poczeka, bo ma ci\u0119\u017ckie torby i potrzebuje je szybko odstawi\u0107 ju\u017c w domu.<\/p>\n<p>Takich przyk\u0142ad\u00f3w mo\u017cna by mno\u017cy\u0107. Zw\u0142aszcza kiedy w domu jest wi\u0119cej ni\u017c jedno dziecko. Czasami to starsze musi we wszystkim ust\u0119powa\u0107 m\u0142odszemu, a czasami m\u0142odsze s\u0142ucha\u0107 bezkrytycznie starszego. Bycie rodzin\u0105 to nauka kompromis\u00f3w i uznawania prawa drugiego cz\u0142owieka do jego potrzeb, pragnie\u0144 i marze\u0144. Oczywi\u015bcie nie namawiam do ignorowania potrzeb dziecka bo tu chodzi w\u0142a\u015bnie o r\u00f3wnowag\u0119.<\/p>\n<p>Wiem, \u017ce cz\u0119sto jest nam bardzo trudno uczy\u0107 dzieci czekania, cierpliwo\u015bci i tego, \u017ce nie jest p\u0119pkiem \u015bwiata\u2026 bo dla nas jest. Ten problem jest cz\u0119sto bardzo widoczny u rodzic\u00f3w dzieci, kt\u00f3re mia\u0142y trudny start. Chc\u0105 im niejako \u201ewynagrodzi\u0107\u201d to, \u017ce by\u0142y w szpitalu, przechodzi\u0142y r\u00f3\u017cne zabiegi\u2026 czasami te\u017c jest to kwestia poczucia winy. Tacy rodzice staraj\u0105 si\u0119 zaspokoi\u0107 wszystkie potrzeby dziecka zanim Ono nawet o tym pomy\u015bli i poczuje. Sama tak mia\u0142am tu\u017c po tym jak wr\u00f3ci\u0142am z Mariank\u0105 do domu po czterech miesi\u0105cach, kt\u00f3re po urodzeniu sp\u0119dzi\u0142a w szpitalu. I naprawd\u0119 rozumiem emocje, odczucia\u2026 ale to wszystko tak naprawd\u0119 robimy z my\u015bl\u0105 o sobie, a nie o przysz\u0142o\u015bci dziecka.<\/p>\n<p>Co si\u0119 dzieje z dzieckiem, kt\u00f3re w domu czuje, \u017ce jest najwa\u017cniejsze, kt\u00f3re nie zwa\u017ca na to co czuj\u0105 i potrzebuj\u0105 inni? Co si\u0119 dzieje z tym dzieckiem kiedy trafia do \u017c\u0142obka, przedszkola czy szko\u0142y? Wa\u017cne jest poczucie, \u017ce jest si\u0119 wa\u017cnym\u2026 ale \u015bwiat nie jest skonstruowany tak, \u017ce inni b\u0119d\u0105 zaspakaja\u0107 potrzeby naszego dziecka przed swoimi lub przed potrzebami innych dzieci. I to niezale\u017cnie czy b\u0119dzie to prywatna plac\u00f3wka czy pa\u0144stwowa. Nasze dziecko kiedy\u015b stanie si\u0119 doros\u0142ym, b\u0119dzie wsp\u00f3\u0142istnia\u0142o w spo\u0142ecze\u0144stwie, kt\u00f3re szybko mu poka\u017ce, \u017ce nie zawsze b\u0119dzie pierwszy, nie zawsze b\u0119dzie m\u00f3g\u0142 od razu wszystko dosta\u0107. I jak si\u0119 wtedy poczuje? Jak b\u0119dzie reagowa\u0142 na to co si\u0119 dzieje wok\u00f3\u0142 Niego?<\/p>\n<p>Bardzo wa\u017cne jest to, \u017ce nie ma takiego konkretnego momentu, w kt\u00f3rym powinni\u015bmy zacz\u0105\u0107 uczy\u0107 dziecka, \u017ce ka\u017cdy z nas ma swoje prawa i ka\u017cdy z nas jest bardzo wa\u017cny. To tak jak z szacunkiem uczymy go od momentu urodzenia si\u0119 dziecka\u2026 bo najpierw musimy nauczy\u0107 si\u0119 w swojej g\u0142owie i przygotowa\u0107 do tego.<\/p>\n<p>Za kilka miesi\u0119cy wiele dzieci zacznie swoj\u0105 przygod\u0119 ze \u017c\u0142obkiem, przedszkolem czy szko\u0142\u0105. W\u015br\u00f3d rzeczy nad kt\u00f3rymi rodzice b\u0119d\u0105 pracowa\u0107 w sobie i z dzieckiem powinno si\u0119 nale\u017a\u0107 nie tylko odpieluchowanie, samodzielno\u015b\u0107 w czynno\u015bciach samoobs\u0142ugowych czy umiej\u0119tno\u015b\u0107 zasypiania bez rodzica ale te\u017c rozumienie, \u017ce ka\u017cdy z nas jest tak samo wa\u017cny.<\/p>\n","protected":false},"excerpt":{"rendered":"<p>Ka\u017cdy z nas jest tak samo wa\u017cny. Ka\u017cdy cz\u0142owiek ma prawo do zaspakajania swoich potrzeb nie krzywdz\u0105c innych. Dyskryminacja zwi\u0105zana z pe\u0142nionymi rolami spo\u0142ecznymi jest niedopuszczalna. Nie wa\u017cne czy dziecko czy doros\u0142y, ka\u017cdy jest cz\u0142owiekiem i ma swoje prawa\u2026 Ale czy na pewno? Ostatnio kilkakrotnie rozmawia\u0142am z rodzicami dzieci, kt\u00f3re maj\u0105 zacz\u0105\u0107 lub zacz\u0119\u0142y adaptacj\u0119 [&hellip;]<\/p>\n","protected":false},"author":1,"featured_media":1389,"comment_status":"open","ping_status":"open","sticky":false,"template":"","format":"standard","meta":{"footnotes":""},"categories":[2],"tags":[10],"class_list":["post-1388","post","type-post","status-publish","format-standard","has-post-thumbnail","hentry","category-przeczytaj","tag-wychowanie"],"_links":{"self":[{"href":"https:\/\/radoscbyciarodzicem.pl\/index.php\/wp-json\/wp\/v2\/posts\/1388","targetHints":{"allow":["GET"]}}],"collection":[{"href":"https:\/\/radoscbyciarodzicem.pl\/index.php\/wp-json\/wp\/v2\/posts"}],"about":[{"href":"https:\/\/radoscbyciarodzicem.pl\/index.php\/wp-json\/wp\/v2\/types\/post"}],"author":[{"embeddable":true,"href":"https:\/\/radoscbyciarodzicem.pl\/index.php\/wp-json\/wp\/v2\/users\/1"}],"replies":[{"embeddable":true,"href":"https:\/\/radoscbyciarodzicem.pl\/index.php\/wp-json\/wp\/v2\/comments?post=1388"}],"version-history":[{"count":0,"href":"https:\/\/radoscbyciarodzicem.pl\/index.php\/wp-json\/wp\/v2\/posts\/1388\/revisions"}],"wp:featuredmedia":[{"embeddable":true,"href":"https:\/\/radoscbyciarodzicem.pl\/index.php\/wp-json\/"}],"wp:attachment":[{"href":"https:\/\/radoscbyciarodzicem.pl\/index.php\/wp-json\/wp\/v2\/media?parent=1388"}],"wp:term":[{"taxonomy":"category","embeddable":true,"href":"https:\/\/radoscbyciarodzicem.pl\/index.php\/wp-json\/wp\/v2\/categories?post=1388"},{"taxonomy":"post_tag","embeddable":true,"href":"https:\/\/radoscbyciarodzicem.pl\/index.php\/wp-json\/wp\/v2\/tags?post=1388"}],"curies":[{"name":"wp","href":"https:\/\/api.w.org\/{rel}","templated":true}]}}