{"id":176,"date":"2016-05-18T21:43:29","date_gmt":"2016-05-18T19:43:29","guid":{"rendered":"http:\/\/radoscbyciarodzicem.pl\/?p=176"},"modified":"2016-05-18T21:43:29","modified_gmt":"2016-05-18T19:43:29","slug":"rodzic-jest-ciagle-zaskakiwany","status":"publish","type":"post","link":"https:\/\/radoscbyciarodzicem.pl\/index.php\/2016\/05\/18\/rodzic-jest-ciagle-zaskakiwany\/","title":{"rendered":"Rodzic jest ci\u0105gle zaskakiwany"},"content":{"rendered":"<p>Nie ma dw\u00f3ch takich samych dni dla rodzica. Codziennie nas co\u015b zaskakuje, na jedne rzeczy jeste\u015bmy teoretycznie przygotowani na inne ju\u017c nie bardzo. Tak te\u017c by\u0142o u nas wczoraj, kiedy dowiedzia\u0142am si\u0119, \u017ce przenosz\u0105 Mariank\u0119 do innego szpitala. Spodziewa\u0142am si\u0119 wprawdzie, \u017ce jeszcze z tydzie\u0144 sp\u0119dzimy na oddziale wcze\u015bniak\u00f3w, ale ta informacja wprawi\u0142a mnie w os\u0142upienie. Gdyby nie to, \u017ce trzyma\u0142am Mani\u0119 na r\u0119kach to nie wiem co by si\u0119 sta\u0142o. Okaza\u0142o si\u0119, \u017ce s\u0105 potrzebne bardziej specjalistyczne badania gastrologiczne, kt\u00f3re mo\u017cemy zrobi\u0107 w szpitalu dzieci\u0119cym. Przenosimy si\u0119 tam jutro.<br \/>\nI cho\u0107 jest wiele dobrych aspekt\u00f3w tej sytuacji to wczoraj nogi si\u0119 pode mn\u0105 ugi\u0119\u0142y. Potrzebowa\u0142am prawie doby aby cho\u0107 troch\u0119 odetchn\u0105\u0107. Bo o ile wspania\u0142e jest to, \u017ce b\u0119d\u0119 mog\u0142a by\u0107 teraz z Mariank\u0105 ca\u0142a dob\u0119 i dobrze, \u017ce j\u0105 przebadaj\u0105 to nie takiego po\u017cegnania z &#8222;wcze\u015bniakami&#8221; si\u0119 spodziewa\u0142am. Liczy\u0142am na spokojn\u0105 aklimatyzacj\u0119 w domu, a nie przyzwyczajanie si\u0119 do nowego oddzia\u0142u. Jest du\u017ca szansa, \u017ce sp\u0119dzimy tam tylko tydzie\u0144&#8230; o ile wszystko b\u0119dzie dobrze.<br \/>\nRodzice cz\u0119sto s\u0105 zaskakiwani, czy to przez swoje dzieci czy przez otoczenie. Dzieci zaskakuj\u0105 nas w trakcie swego rozwoju (zar\u00f3wno pozytywnie jak i negatywnie), swoimi pytaniami, zachowaniem czy pomys\u0142ami. I cho\u0107 nie jeste\u015bmy si\u0119 w stanie przygotowa\u0107 na wszystkie ewentualno\u015bci (pewnie nie tylko ja bym tak chcia\u0142a) to najwa\u017cniejsze jest zachowanie zimnej krwi i otwarcie na to co przynosi nam ka\u017cdy dzie\u0144.<br \/>\nNie b\u0119d\u0119 pisa\u0142a, \u017ce si\u0119 nie obawiam&#8230; jeszcze wczoraj umiera\u0142am ze strachu, dzi\u015b ju\u017c tylko jestem zdenerwowana&#8230; ale wiem, \u017ce to te\u017c prze\u017cyjemy. I cytuj\u0105c Antka Kr\u00f3likowskiego &#8222;Najwa\u017cniejsze, \u017ce jeste\u015bmy razem&#8221; a wszystko jako\u015b si\u0119 u\u0142o\u017cy.<\/p>\n<p>PS: Ci z Was, kt\u00f3rzy maj\u0105 dobr\u0105 pami\u0119\u0107 pewnie si\u0119 zorientowali, \u017ce Marianka sko\u0144czy\u0142a dzi\u015b 4 miesi\u0105ce (cho\u0107 jej wiek skorygowany to 3 tygodnie).<\/p>\n","protected":false},"excerpt":{"rendered":"<p>Nie ma dw\u00f3ch takich samych dni dla rodzica. Codziennie nas co\u015b zaskakuje, na jedne rzeczy jeste\u015bmy teoretycznie przygotowani na inne ju\u017c nie bardzo. Tak te\u017c by\u0142o u nas wczoraj, kiedy dowiedzia\u0142am si\u0119, \u017ce przenosz\u0105 Mariank\u0119 do innego szpitala. Spodziewa\u0142am si\u0119 wprawdzie, \u017ce jeszcze z tydzie\u0144 sp\u0119dzimy na oddziale wcze\u015bniak\u00f3w, ale ta informacja wprawi\u0142a mnie w [&hellip;]<\/p>\n","protected":false},"author":1,"featured_media":289,"comment_status":"open","ping_status":"open","sticky":false,"template":"","format":"standard","meta":{"footnotes":""},"categories":[26],"tags":[],"class_list":["post-176","post","type-post","status-publish","format-standard","has-post-thumbnail","hentry","category-mania-i-ja"],"_links":{"self":[{"href":"https:\/\/radoscbyciarodzicem.pl\/index.php\/wp-json\/wp\/v2\/posts\/176","targetHints":{"allow":["GET"]}}],"collection":[{"href":"https:\/\/radoscbyciarodzicem.pl\/index.php\/wp-json\/wp\/v2\/posts"}],"about":[{"href":"https:\/\/radoscbyciarodzicem.pl\/index.php\/wp-json\/wp\/v2\/types\/post"}],"author":[{"embeddable":true,"href":"https:\/\/radoscbyciarodzicem.pl\/index.php\/wp-json\/wp\/v2\/users\/1"}],"replies":[{"embeddable":true,"href":"https:\/\/radoscbyciarodzicem.pl\/index.php\/wp-json\/wp\/v2\/comments?post=176"}],"version-history":[{"count":0,"href":"https:\/\/radoscbyciarodzicem.pl\/index.php\/wp-json\/wp\/v2\/posts\/176\/revisions"}],"wp:featuredmedia":[{"embeddable":true,"href":"https:\/\/radoscbyciarodzicem.pl\/index.php\/wp-json\/"}],"wp:attachment":[{"href":"https:\/\/radoscbyciarodzicem.pl\/index.php\/wp-json\/wp\/v2\/media?parent=176"}],"wp:term":[{"taxonomy":"category","embeddable":true,"href":"https:\/\/radoscbyciarodzicem.pl\/index.php\/wp-json\/wp\/v2\/categories?post=176"},{"taxonomy":"post_tag","embeddable":true,"href":"https:\/\/radoscbyciarodzicem.pl\/index.php\/wp-json\/wp\/v2\/tags?post=176"}],"curies":[{"name":"wp","href":"https:\/\/api.w.org\/{rel}","templated":true}]}}