{"id":205,"date":"2016-06-19T21:57:58","date_gmt":"2016-06-19T19:57:58","guid":{"rendered":"http:\/\/radoscbyciarodzicem.pl\/?p=205"},"modified":"2016-06-19T21:57:58","modified_gmt":"2016-06-19T19:57:58","slug":"spotkanie-pokolen-na-piec-miesiecy","status":"publish","type":"post","link":"https:\/\/radoscbyciarodzicem.pl\/index.php\/2016\/06\/19\/spotkanie-pokolen-na-piec-miesiecy\/","title":{"rendered":"Spotkanie pokole\u0144 na pi\u0119\u0107 miesi\u0119cy"},"content":{"rendered":"<p>Wczoraj nasza Marianka sko\u0144czy\u0142a pi\u0119\u0107 miesi\u0119cy. Ale czy tak na prawd\u0119? Bo Jej wiek skorygowany to jakie\u015b siedem tygodni. Czasami utrudnia nam to cho\u0107by rozmow\u0119 z lekarzami. Niestety niekt\u00f3rzy jako\u015b nie chc\u0105 dostrzec, \u017ce jednak Mania ani nie wygl\u0105da ani nie rozwija si\u0119 jak pi\u0119ciomiesi\u0119czne dziecko. Ale najwa\u017cniejsze, \u017ce jest z nami ju\u017c tak d\u0142ugo i jeszcze d\u0142u\u017cej b\u0119dzie&#8230;<br \/>\nW dniu swoich ma\u0142ych &#8222;urodzinek&#8221; Marianka pozna\u0142a wczoraj swoj\u0105 prababci\u0119. Bardzo mi zale\u017ca\u0142o na tym aby\u015bmy pojechali do babci Adeli jak najszybciej b\u0119dzie to mo\u017cliwe, bo ma 91 lat i bardzo chcia\u0142a zobaczy\u0107 Maniulk\u0119. By\u0142o to bardzo wzruszaj\u0105ce spotkanie. Marianka jest 10 z 11 prawnucz\u0105t, a babcia powita\u0142a j\u0105 czu\u0142ym poca\u0142unkiem w g\u0142\u00f3wk\u0119. To takie spotkanie pokole\u0144. I pomimo, \u017ce najstarsza prawnuczka babci ma ju\u017c 23 lata to Mariank\u0119 powita\u0142a z tak\u0105 rado\u015bci\u0105 i mi\u0142o\u015bci\u0105 jakby by\u0142a pierwsza. Bardzo chcia\u0142abym aby Mania mia\u0142a jak najwi\u0119kszy kontakt ze swoj\u0105 prababci\u0105. Ja mia\u0142am to szcz\u0119\u015bcie, \u017ce zna\u0142am r\u00f3wnie\u017c jedn\u0105 moj\u0105 prababci\u0119 &#8211; Mariann\u0119 i wspominam to z rozrzewnieniem. Kontakt z ni\u0105 da\u0142 mi bardzo wiele. Dowiedzia\u0142am si\u0119 o tym, \u017ce \u017cycie kiedy\u015b by\u0142o inne, doceni\u0142am jak wa\u017cna jest ch\u0119\u0107 \u017cycia i dzia\u0142ania. A przede wszystkim zda\u0142am sobie spraw\u0119, \u017ce kobiety s\u0105 bardzo silne i potrafi\u0105 znie\u015b\u0107 bardzo wiele aby rodzina by\u0142 razem. Czy to wszystko wiedzia\u0142am jako 9 latka? Nie, ale z czasem kiedy dorasta\u0142am ju\u017c bez prababci, wspominaj\u0105c i analizuj\u0105c dociera\u0142o do mnie pomalutku co zostawi\u0142a we mnie babcia Marysia.<br \/>\nMoim zdaniem bardzo wa\u017cne aby dzieci mia\u0142y kontakt z dziadkami i innymi starszymi osobami z naszych rodzin. Bo wa\u017cne aby wiedzia\u0142y jakie s\u0105 nasze korzenie, sk\u0105d pochodzimy, dlaczego warto by\u0107 cz\u0142onkami naszej rodziny. Taki kontakt kiedy\u015b da\u0142 mi bardzo wiele i b\u0119d\u0119 si\u0119 stara\u0142a aby Mariance tego nie zabrak\u0142o. Bo nie ma przysz\u0142o\u015bci bez przesz\u0142o\u015bci&#8230;<\/p>\n","protected":false},"excerpt":{"rendered":"<p>Wczoraj nasza Marianka sko\u0144czy\u0142a pi\u0119\u0107 miesi\u0119cy. Ale czy tak na prawd\u0119? Bo Jej wiek skorygowany to jakie\u015b siedem tygodni. Czasami utrudnia nam to cho\u0107by rozmow\u0119 z lekarzami. Niestety niekt\u00f3rzy jako\u015b nie chc\u0105 dostrzec, \u017ce jednak Mania ani nie wygl\u0105da ani nie rozwija si\u0119 jak pi\u0119ciomiesi\u0119czne dziecko. Ale najwa\u017cniejsze, \u017ce jest z nami ju\u017c tak d\u0142ugo [&hellip;]<\/p>\n","protected":false},"author":1,"featured_media":276,"comment_status":"open","ping_status":"open","sticky":false,"template":"","format":"standard","meta":{"footnotes":""},"categories":[26],"tags":[],"class_list":["post-205","post","type-post","status-publish","format-standard","has-post-thumbnail","hentry","category-mania-i-ja"],"_links":{"self":[{"href":"https:\/\/radoscbyciarodzicem.pl\/index.php\/wp-json\/wp\/v2\/posts\/205","targetHints":{"allow":["GET"]}}],"collection":[{"href":"https:\/\/radoscbyciarodzicem.pl\/index.php\/wp-json\/wp\/v2\/posts"}],"about":[{"href":"https:\/\/radoscbyciarodzicem.pl\/index.php\/wp-json\/wp\/v2\/types\/post"}],"author":[{"embeddable":true,"href":"https:\/\/radoscbyciarodzicem.pl\/index.php\/wp-json\/wp\/v2\/users\/1"}],"replies":[{"embeddable":true,"href":"https:\/\/radoscbyciarodzicem.pl\/index.php\/wp-json\/wp\/v2\/comments?post=205"}],"version-history":[{"count":0,"href":"https:\/\/radoscbyciarodzicem.pl\/index.php\/wp-json\/wp\/v2\/posts\/205\/revisions"}],"wp:featuredmedia":[{"embeddable":true,"href":"https:\/\/radoscbyciarodzicem.pl\/index.php\/wp-json\/"}],"wp:attachment":[{"href":"https:\/\/radoscbyciarodzicem.pl\/index.php\/wp-json\/wp\/v2\/media?parent=205"}],"wp:term":[{"taxonomy":"category","embeddable":true,"href":"https:\/\/radoscbyciarodzicem.pl\/index.php\/wp-json\/wp\/v2\/categories?post=205"},{"taxonomy":"post_tag","embeddable":true,"href":"https:\/\/radoscbyciarodzicem.pl\/index.php\/wp-json\/wp\/v2\/tags?post=205"}],"curies":[{"name":"wp","href":"https:\/\/api.w.org\/{rel}","templated":true}]}}