{"id":215,"date":"2016-06-29T22:02:38","date_gmt":"2016-06-29T20:02:38","guid":{"rendered":"http:\/\/radoscbyciarodzicem.pl\/?p=215"},"modified":"2016-06-29T22:02:38","modified_gmt":"2016-06-29T20:02:38","slug":"dzieciecy-swiat","status":"publish","type":"post","link":"https:\/\/radoscbyciarodzicem.pl\/index.php\/2016\/06\/29\/dzieciecy-swiat\/","title":{"rendered":"Dzieci\u0119cy \u015bwiat"},"content":{"rendered":"<p>Marianka w niedziel\u0119 dosta\u0142a od cioci, wujka i kuzyn\u00f3w maskotk\u0119 lwa. Niespe\u0142na o po\u0142ow\u0119 od Niej mniejszy zwierz otrzyma\u0142 imi\u0119 Leo\u015b. Niby zwyczajna maskotka, posadzili\u015bmy go obok Maniusi aby mia\u0142a urozmaicenia.<br \/>\nWczoraj przed po\u0142udniem Mania zosta\u0142a na chwile sama w pokoju, Leo\u015b siedzia\u0142 obok Niej, a\u017c tu s\u0142ysz\u0119 jakie\u015b radosne pokrzykiwania i poj\u0119kiwania, guganie. Kiedy przysz\u0142am do pokoju Marianka wpatrzona radosnymi oczami w maskotk\u0119 &#8222;gada&#8221; z ni\u0105 po swojemu. Chwil\u0119 p\u00f3\u017aniej z\u0142apa\u0142a zwierzaka i poci\u0105gn\u0119\u0142a ku sobie (by\u0107 mo\u017ce przypadkowo), a p\u00f3\u017aniej&#8230; zacz\u0119\u0142a go liza\u0107. M\u00f3j m\u0105\u017c stwierdzi\u0142, \u017ce jest dobrze wychowana bo przed ca\u0142owaniem najpierw poznaje i rozmawia absztyfikanta \ud83d\ude42<br \/>\nFascynuj\u0105ce jest to, ze ju\u017c takie ma\u0142e dziecko ma sw\u00f3j wewn\u0119trzny \u015bwiat. Marianka cz\u0119sto u\u015bmiecha si\u0119 sama do siebie lub do zabawek, pr\u00f3buj si\u0119 z nimi komunikowa\u0107. Postrzega \u015bwiat jeszcze w swoich\u00a0 kategoriach ale ju\u017c wiem, \u017ce s\u0105 one bardzo ciekawe.<br \/>\nKiedy dowiedzieli\u015bmy si\u0119, \u017ce Marianka mia\u0142a wylewy dokomorowe bardzo martwili\u015bmy si\u0119 o Jej rozw\u00f3j. Ka\u017cda taka ma\u0142a rzecz jak nawi\u0105zywanie kontaktu z nami czy z zabawkami daje nam kolejny promyk nadziei, \u017ce w jej g\u0142\u00f3wce wszystko jest w porz\u0105dku. Kiedy rozmawia\u0142y\u015bmy z mamami wcze\u015bniak\u00f3w na oddziale o naszych marzeniach i pragnieniach, ka\u017cda z nas chcia\u0142a tego samego. Aby nasze dzieci mog\u0142y sobie poradzi\u0107 w \u017cyciu same, aby b\u0119d\u0105c doros\u0142ymi nie wymaga\u0142y opieki. Kiedy widz\u0119 Mariank\u0119, kt\u00f3ra jest coraz bardziej komunikatywna i radosna wierz\u0119, \u017ce moje marzenie si\u0119 spe\u0142ni.<\/p>\n","protected":false},"excerpt":{"rendered":"<p>Marianka w niedziel\u0119 dosta\u0142a od cioci, wujka i kuzyn\u00f3w maskotk\u0119 lwa. Niespe\u0142na o po\u0142ow\u0119 od Niej mniejszy zwierz otrzyma\u0142 imi\u0119 Leo\u015b. Niby zwyczajna maskotka, posadzili\u015bmy go obok Maniusi aby mia\u0142a urozmaicenia. Wczoraj przed po\u0142udniem Mania zosta\u0142a na chwile sama w pokoju, Leo\u015b siedzia\u0142 obok Niej, a\u017c tu s\u0142ysz\u0119 jakie\u015b radosne pokrzykiwania i poj\u0119kiwania, guganie. Kiedy [&hellip;]<\/p>\n","protected":false},"author":1,"featured_media":270,"comment_status":"open","ping_status":"open","sticky":false,"template":"","format":"standard","meta":{"footnotes":""},"categories":[26],"tags":[],"class_list":["post-215","post","type-post","status-publish","format-standard","has-post-thumbnail","hentry","category-mania-i-ja"],"_links":{"self":[{"href":"https:\/\/radoscbyciarodzicem.pl\/index.php\/wp-json\/wp\/v2\/posts\/215","targetHints":{"allow":["GET"]}}],"collection":[{"href":"https:\/\/radoscbyciarodzicem.pl\/index.php\/wp-json\/wp\/v2\/posts"}],"about":[{"href":"https:\/\/radoscbyciarodzicem.pl\/index.php\/wp-json\/wp\/v2\/types\/post"}],"author":[{"embeddable":true,"href":"https:\/\/radoscbyciarodzicem.pl\/index.php\/wp-json\/wp\/v2\/users\/1"}],"replies":[{"embeddable":true,"href":"https:\/\/radoscbyciarodzicem.pl\/index.php\/wp-json\/wp\/v2\/comments?post=215"}],"version-history":[{"count":0,"href":"https:\/\/radoscbyciarodzicem.pl\/index.php\/wp-json\/wp\/v2\/posts\/215\/revisions"}],"wp:featuredmedia":[{"embeddable":true,"href":"https:\/\/radoscbyciarodzicem.pl\/index.php\/wp-json\/"}],"wp:attachment":[{"href":"https:\/\/radoscbyciarodzicem.pl\/index.php\/wp-json\/wp\/v2\/media?parent=215"}],"wp:term":[{"taxonomy":"category","embeddable":true,"href":"https:\/\/radoscbyciarodzicem.pl\/index.php\/wp-json\/wp\/v2\/categories?post=215"},{"taxonomy":"post_tag","embeddable":true,"href":"https:\/\/radoscbyciarodzicem.pl\/index.php\/wp-json\/wp\/v2\/tags?post=215"}],"curies":[{"name":"wp","href":"https:\/\/api.w.org\/{rel}","templated":true}]}}